{"id":1489,"date":"2016-10-11T00:00:00","date_gmt":"2016-10-11T00:00:00","guid":{"rendered":"https:\/\/mothertobaby.org\/baby-blog\/cmv-durante-el-embarazo-y-la-perdida-del-sentido-del-oido-una-perspectiva-de-la-cabina-del-sonido\/"},"modified":"2016-10-11T00:00:00","modified_gmt":"2016-10-11T00:00:00","slug":"cmv-durante-el-embarazo-y-la-perdida-del-sentido-del-oido-una-perspectiva-de-la-cabina-del-sonido","status":"publish","type":"post","link":"https:\/\/mothertobaby.org\/es\/baby-blog\/cmv-durante-el-embarazo-y-la-perdida-del-sentido-del-oido-una-perspectiva-de-la-cabina-del-sonido\/","title":{"rendered":"CMV Durante el embarazo y la p\u00e9rdida del sentido del o\u00eddo: Una Perspectiva de la Cabina del Sonido"},"content":{"rendered":"<p><em>Por: Heidi S. Neuburger, MS, MA, Audi\u00f3loga de la Universidad de Indiana<\/em><br \/>\n<em> Traducido por: Tania J. Tetz, MPH, CHES<\/em><\/p>\n<p>Era un d\u00eda muy ocupado en la cl\u00ednica de audiolog\u00eda, pero mi paciente de las 10 de la ma\u00f1ana hizo que parara. Revis\u00e9 el expediente m\u00e9dico de un adorable ni\u00f1o de 2 a\u00f1os y medio. Su mam\u00e1, una ni\u00f1era, hab\u00eda contra\u00eddo citomegalovirus (CMV) durante la primera parte de su embarazo. Desafortunadamente, no hay nada inusual con esto. Usted puede contraer CMV por medio del contacto con l\u00edquidos corporales de una persona que tiene el virus. Si la mam\u00e1 est\u00e1 cuidando a ni\u00f1os, ya sea en casa o en su lugar de empleo, ella se encuentra en alto riego de cambiar pa\u00f1ales, limpiar narices, o tocar mesas y juguetes que puedan estar infectados con el virus. Hasta el 38% de los ni\u00f1os que van a guarder\u00edas puede que tengan CMV, y ellos lo pueden pasar a otros ni\u00f1os, sus familias, o a los que los cuidan.<\/p>\n<p>Los s\u00edntomas del CMV pueden ser leves, o a veces que no los hay. Los s\u00edntomas pueden incluir un peque\u00f1o dolor de garganta, fiebre, gl\u00e1ndulas inflamadas, y fatiga por unos pocos d\u00edas. Cuando la mam\u00e1 contrae CMV durante el embarazo, puede haber serias consecuencias para el beb\u00e9 en desarrollo. La infecci\u00f3n cong\u00e9nita por CMV ocurre en 1 de cada 100 a 150 beb\u00e9s que nacen de madres con CMV, aunque solo 1 de 5 de estos ni\u00f1os tiene problemas de salud de largo t\u00e9rmino (CDC.org)<\/p>\n<p>En este caso, el archivo m\u00e9dico mostr\u00f3 que el resultado de la prueba de CMV de mi paciente al nacer, fue positivo. El virus pas\u00f3 por la placenta de la madre al feto en desarrollo, causando la infecci\u00f3n. Para el alivio de todos, aunque el resultado fue positivo cuando el beb\u00e9 naci\u00f3, aparte de un poco de ictericia (que en unas semanas se normaliz\u00f3), no se vieron otros s\u00edntomas. La familia sinti\u00f3 alivio, pero ahora estaban aqu\u00ed. El ni\u00f1o (ahora de 32 meses) no estaba hablando. De hecho, su desarrollo mostraba que se estaba atrasando m\u00e1s y m\u00e1s en comparaci\u00f3n a otros ni\u00f1os.<\/p>\n<p>Despu\u00e9s de 40 minutos en la cabina de sonido con este ni\u00f1ito pude confirmar que ten\u00eda p\u00e9rdida del o\u00eddo severa en ambos o\u00eddos. El hecho de que \u00e9l pas\u00f3 el examen del o\u00eddo de reci\u00e9n nacido sugiri\u00f3 que la p\u00e9rdida del o\u00eddo se empeor\u00f3 con el paso del tiempo. La p\u00e9rdida del o\u00eddo de esta magnitud de seguro tiene que ver con su retraso del habla, y posiblemente con otros problemas del desarrollo.<\/p>\n<p><strong><em>\u00bfQu\u00e9 podemos aprender de este resultado? \u00bfQu\u00e9 se pudo haber hecho?<\/em><\/strong><br \/>\nOctubre es el Mes Nacional de La Conciencia de la Audiolog\u00eda y Protecci\u00f3n del O\u00eddo. Yo pens\u00e9 que es buen tiempo para enfocarnos en la lecci\u00f3n de esta situaci\u00f3n. M\u00e1s a menudo, cuando se expone al beb\u00e9 al CMV antes de nacer, especialmente al principio del embarazo, no habr\u00e1 defectos de nacimiento. De hecho, la mayor\u00eda de los beb\u00e9s nacer\u00e1n sin s\u00edntomas o defectos obvios. En un estudio (Naing et al, 2015) el 18 % de los ni\u00f1os que nacieron con resultados positivos del CMV no tuvieron s\u00edntomas al nacer, pero despu\u00e9s demostraron la p\u00e9rdida del o\u00eddo. Me hubiese gustado ver un nivel m\u00e1s alto de sospecha de que este ni\u00f1o pudiera desarrollar la p\u00e9rdida del o\u00eddo porque ten\u00eda la diagnosis de infecci\u00f3n cong\u00e9nita por CMV. Puede que no sea posible detener el desarrollo o el empeoramiento de la p\u00e9rdida del o\u00eddo, pero el repetir el examen cada 4 a 6 meses hubiera ayudado a identificar la p\u00e9rdida del o\u00eddo pronto y hubiera recibido intervenciones con aparatos para los o\u00eddos y terapia para el habla.<\/p>\n<p>La p\u00e9rdida del o\u00eddo es solo un efecto posible de la infecci\u00f3n del CMV durante el embarazo. Para aprender m\u00e1s a cerca de los efectos, del examen del CMV, y c\u00f3mo prevenir la infecci\u00f3n, visite la hoja de informaci\u00f3n del CMV:<a href=\"\/es\/fact-sheets\/citomegalovirus-cmv\/\" target=\"_blank\" rel=\"noopener noreferrer\">https:\/\/mothertobaby.org\/es\/fact-sheets\/citomegalovirus-cmv\/<\/a> . Recuerde que un experto de MotherToBaby est\u00e1 disponible por <a href=\"\/contact-expert\/\" target=\"_blank\" rel=\"noopener noreferrer\">email, texto, chat, o tel\u00e9fono.<\/a><\/p>\n<p><em><strong>Heidi S. Neuburger, MS, MA trabaja como Coordinadora del Laboratorio Infantil como parte del equipo t\u00e9cnico en el Departamento de Otorrinolaringolog\u00eda, Cirug\u00eda de Cabeza y Cuello de la Universidad de Indiana. Ella fue la coordinadora del MotherToBaby Indiana de 2014-2016.<\/strong><\/em><\/p>\n<p><em><strong>MotherToBaby es un servicio de la Organizaci\u00f3n Internacional de Especialistas en Informaci\u00f3n de Teratolog\u00eda (OTIS), un recurso sugerido por varias agencias incluyendo los Centros del Control y Prevenci\u00f3n de Enfermedades (CDC). Si usted tiene preguntas relacionadas al alcohol, medicamentos, vacunas, enfermedades, u otras exposiciones llame a MotherToBaby gratis al 866-626-6847 o comun\u00edquese por texto a nuestro nuevo n\u00famero de texto (855) 999-3525. Usted tambi\u00e9n puede visitar nuestra p\u00e1gina web <a href=\"\/es\" target=\"_blank\" rel=\"noopener noreferrer\">www.MotherToBaby.org\/es<\/a> para ver nuestras hojas informativas, mandar un email, o hablar en vivo con un experto.<\/strong><\/em><\/p>\n","protected":false},"excerpt":{"rendered":"<p>Por: Heidi S. Neuburger, MS, MA, Audi\u00f3loga de la Universidad de Indiana Traducido por: Tania J. Tetz, MPH, CHES Era un d\u00eda muy ocupado en la cl\u00ednica de audiolog\u00eda, pero mi paciente de las 10 de la ma\u00f1ana hizo que parara. Revis\u00e9 el expediente m\u00e9dico de un adorable ni\u00f1o de 2 a\u00f1os y medio. Su [&hellip;]<\/p>\n","protected":false},"author":208,"featured_media":1314,"comment_status":"open","ping_status":"open","sticky":false,"template":"","format":"standard","meta":{"_searchwp_excluded":"","_genesis_hide_title":false,"_genesis_hide_breadcrumbs":false,"_genesis_hide_singular_image":false,"_genesis_hide_footer_widgets":false,"_genesis_custom_body_class":"","_genesis_custom_post_class":"","_genesis_layout":"","footnotes":""},"categories":[248,2],"tags":[428],"related-content":[610],"class_list":{"0":"post-1489","1":"post","2":"type-post","3":"status-publish","4":"format-standard","5":"has-post-thumbnail","7":"category-infecciones-y-vacunas","8":"category-sin-categorizar","9":"tag-guarderia","10":"related-content-laboral","11":"entry"},"yoast_head":"<!-- This site is optimized with the Yoast SEO Premium plugin v20.13 (Yoast SEO v20.13) - https:\/\/yoast.com\/wordpress\/plugins\/seo\/ -->\n<title>CMV Durante el embarazo y la p\u00e9rdida del sentido del o\u00eddo: Una Perspectiva de la Cabina del Sonido - MotherToBaby<\/title>\n<meta name=\"robots\" content=\"index, follow, max-snippet:-1, max-image-preview:large, max-video-preview:-1\" \/>\n<link rel=\"canonical\" href=\"https:\/\/mothertobaby.org\/es\/baby-blog\/cmv-durante-el-embarazo-y-la-perdida-del-sentido-del-oido-una-perspectiva-de-la-cabina-del-sonido\/\" \/>\n<meta property=\"og:locale\" content=\"es_ES\" \/>\n<meta property=\"og:type\" content=\"article\" \/>\n<meta property=\"og:title\" content=\"CMV Durante el embarazo y la p\u00e9rdida del sentido del o\u00eddo: Una Perspectiva de la Cabina del Sonido\" \/>\n<meta property=\"og:description\" content=\"Por: Heidi S. Neuburger, MS, MA, Audi\u00f3loga de la Universidad de Indiana Traducido por: Tania J. Tetz, MPH, CHES Era un d\u00eda muy ocupado en la cl\u00ednica de audiolog\u00eda, pero mi paciente de las 10 de la ma\u00f1ana hizo que parara. Revis\u00e9 el expediente m\u00e9dico de un adorable ni\u00f1o de 2 a\u00f1os y medio. Su [&hellip;]\" \/>\n<meta property=\"og:url\" content=\"https:\/\/mothertobaby.org\/es\/baby-blog\/cmv-durante-el-embarazo-y-la-perdida-del-sentido-del-oido-una-perspectiva-de-la-cabina-del-sonido\/\" \/>\n<meta property=\"og:site_name\" content=\"MotherToBaby\" \/>\n<meta property=\"article:published_time\" content=\"2016-10-11T00:00:00+00:00\" \/>\n<meta property=\"og:image\" content=\"https:\/\/mothertobaby.org\/wp-content\/uploads\/2020\/04\/cute-15719_1920.jpg\" \/>\n\t<meta property=\"og:image:width\" content=\"1920\" \/>\n\t<meta property=\"og:image:height\" content=\"1280\" \/>\n\t<meta property=\"og:image:type\" content=\"image\/jpeg\" \/>\n<meta name=\"author\" content=\"Brian Van de Wetering\" \/>\n<meta name=\"twitter:card\" content=\"summary_large_image\" \/>\n<meta name=\"twitter:label1\" content=\"Escrito por\" \/>\n\t<meta name=\"twitter:data1\" content=\"Brian Van de Wetering\" \/>\n\t<meta name=\"twitter:label2\" content=\"Tiempo de lectura\" \/>\n\t<meta name=\"twitter:data2\" content=\"4 minutos\" \/>\n<script type=\"application\/ld+json\" class=\"yoast-schema-graph\">{\"@context\":\"https:\/\/schema.org\",\"@graph\":[{\"@type\":\"Article\",\"@id\":\"https:\/\/mothertobaby.org\/es\/baby-blog\/cmv-durante-el-embarazo-y-la-perdida-del-sentido-del-oido-una-perspectiva-de-la-cabina-del-sonido\/#article\",\"isPartOf\":{\"@id\":\"https:\/\/mothertobaby.org\/es\/baby-blog\/cmv-durante-el-embarazo-y-la-perdida-del-sentido-del-oido-una-perspectiva-de-la-cabina-del-sonido\/\"},\"author\":{\"name\":\"Brian Van de Wetering\",\"@id\":\"https:\/\/mothertobaby.org\/es\/#\/schema\/person\/12fc0f835f15e68352554fdb08e5b10e\"},\"headline\":\"CMV Durante el embarazo y la p\u00e9rdida del sentido del o\u00eddo: Una Perspectiva de la Cabina del Sonido\",\"datePublished\":\"2016-10-11T00:00:00+00:00\",\"dateModified\":\"2016-10-11T00:00:00+00:00\",\"mainEntityOfPage\":{\"@id\":\"https:\/\/mothertobaby.org\/es\/baby-blog\/cmv-durante-el-embarazo-y-la-perdida-del-sentido-del-oido-una-perspectiva-de-la-cabina-del-sonido\/\"},\"wordCount\":899,\"commentCount\":0,\"publisher\":{\"@id\":\"https:\/\/mothertobaby.org\/es\/#organization\"},\"keywords\":[\"guarder\u00eda\"],\"articleSection\":[\"Infecciones y Vacunas\",\"Sin categorizar\"],\"inLanguage\":\"es\",\"potentialAction\":[{\"@type\":\"CommentAction\",\"name\":\"Comment\",\"target\":[\"https:\/\/mothertobaby.org\/es\/baby-blog\/cmv-durante-el-embarazo-y-la-perdida-del-sentido-del-oido-una-perspectiva-de-la-cabina-del-sonido\/#respond\"]}]},{\"@type\":\"WebPage\",\"@id\":\"https:\/\/mothertobaby.org\/es\/baby-blog\/cmv-durante-el-embarazo-y-la-perdida-del-sentido-del-oido-una-perspectiva-de-la-cabina-del-sonido\/\",\"url\":\"https:\/\/mothertobaby.org\/es\/baby-blog\/cmv-durante-el-embarazo-y-la-perdida-del-sentido-del-oido-una-perspectiva-de-la-cabina-del-sonido\/\",\"name\":\"CMV Durante el embarazo y la p\u00e9rdida del sentido del o\u00eddo: Una Perspectiva de la Cabina del Sonido - MotherToBaby\",\"isPartOf\":{\"@id\":\"https:\/\/mothertobaby.org\/es\/#website\"},\"datePublished\":\"2016-10-11T00:00:00+00:00\",\"dateModified\":\"2016-10-11T00:00:00+00:00\",\"breadcrumb\":{\"@id\":\"https:\/\/mothertobaby.org\/es\/baby-blog\/cmv-durante-el-embarazo-y-la-perdida-del-sentido-del-oido-una-perspectiva-de-la-cabina-del-sonido\/#breadcrumb\"},\"inLanguage\":\"es\",\"potentialAction\":[{\"@type\":\"ReadAction\",\"target\":[\"https:\/\/mothertobaby.org\/es\/baby-blog\/cmv-durante-el-embarazo-y-la-perdida-del-sentido-del-oido-una-perspectiva-de-la-cabina-del-sonido\/\"]}]},{\"@type\":\"BreadcrumbList\",\"@id\":\"https:\/\/mothertobaby.org\/es\/baby-blog\/cmv-durante-el-embarazo-y-la-perdida-del-sentido-del-oido-una-perspectiva-de-la-cabina-del-sonido\/#breadcrumb\",\"itemListElement\":[{\"@type\":\"ListItem\",\"position\":1,\"name\":\"Home\",\"item\":\"https:\/\/mothertobaby.org\/es\/\"},{\"@type\":\"ListItem\",\"position\":2,\"name\":\"CMV Durante el embarazo y la p\u00e9rdida del sentido del o\u00eddo: Una Perspectiva de la Cabina del Sonido\"}]},{\"@type\":\"WebSite\",\"@id\":\"https:\/\/mothertobaby.org\/es\/#website\",\"url\":\"https:\/\/mothertobaby.org\/es\/\",\"name\":\"MotherToBaby\",\"description\":\"Medications and More during pregnancy and breastfeeding\",\"publisher\":{\"@id\":\"https:\/\/mothertobaby.org\/es\/#organization\"},\"potentialAction\":[{\"@type\":\"SearchAction\",\"target\":{\"@type\":\"EntryPoint\",\"urlTemplate\":\"https:\/\/mothertobaby.org\/es\/?s={search_term_string}\"},\"query-input\":\"required name=search_term_string\"}],\"inLanguage\":\"es\"},{\"@type\":\"Organization\",\"@id\":\"https:\/\/mothertobaby.org\/es\/#organization\",\"name\":\"MotherToBaby\",\"url\":\"https:\/\/mothertobaby.org\/es\/\",\"logo\":{\"@type\":\"ImageObject\",\"inLanguage\":\"es\",\"@id\":\"https:\/\/mothertobaby.org\/es\/#\/schema\/logo\/image\/\",\"url\":\"https:\/\/mothertobaby.org\/wp-content\/uploads\/2023\/06\/MTB-horz-copyright-sm-1.png\",\"contentUrl\":\"https:\/\/mothertobaby.org\/wp-content\/uploads\/2023\/06\/MTB-horz-copyright-sm-1.png\",\"width\":284,\"height\":52,\"caption\":\"MotherToBaby\"},\"image\":{\"@id\":\"https:\/\/mothertobaby.org\/es\/#\/schema\/logo\/image\/\"}},{\"@type\":\"Person\",\"@id\":\"https:\/\/mothertobaby.org\/es\/#\/schema\/person\/12fc0f835f15e68352554fdb08e5b10e\",\"name\":\"Brian Van de Wetering\",\"image\":{\"@type\":\"ImageObject\",\"inLanguage\":\"es\",\"@id\":\"https:\/\/mothertobaby.org\/es\/#\/schema\/person\/image\/\",\"url\":\"https:\/\/mothertobaby.org\/wp-content\/uploads\/2020\/05\/56201241_10219644037598220_812215845097832448_n-150x150.jpg\",\"contentUrl\":\"https:\/\/mothertobaby.org\/wp-content\/uploads\/2020\/05\/56201241_10219644037598220_812215845097832448_n-150x150.jpg\",\"caption\":\"Brian Van de Wetering\"},\"description\":\"is the Chief Technical Officer at Parallel Interactive. He joined the Parallel Interactive team with 15 years of experience as an Enterprise Development Technical Lead and Web Applications Architect for Epson America. Brian is the team MVP with all software architecture and integration strategies, cloud infrastructure strategies, ERP integration, payment card processing, eCommerce, PCI compliance, and secure web application development procedures.\",\"url\":\"https:\/\/mothertobaby.org\/es\/baby-blog\/author\/bvandewetering\/\"}]}<\/script>\n<!-- \/ Yoast SEO Premium plugin. -->","yoast_head_json":{"title":"CMV Durante el embarazo y la p\u00e9rdida del sentido del o\u00eddo: Una Perspectiva de la Cabina del Sonido - MotherToBaby","robots":{"index":"index","follow":"follow","max-snippet":"max-snippet:-1","max-image-preview":"max-image-preview:large","max-video-preview":"max-video-preview:-1"},"canonical":"https:\/\/mothertobaby.org\/es\/baby-blog\/cmv-durante-el-embarazo-y-la-perdida-del-sentido-del-oido-una-perspectiva-de-la-cabina-del-sonido\/","og_locale":"es_ES","og_type":"article","og_title":"CMV Durante el embarazo y la p\u00e9rdida del sentido del o\u00eddo: Una Perspectiva de la Cabina del Sonido","og_description":"Por: Heidi S. Neuburger, MS, MA, Audi\u00f3loga de la Universidad de Indiana Traducido por: Tania J. Tetz, MPH, CHES Era un d\u00eda muy ocupado en la cl\u00ednica de audiolog\u00eda, pero mi paciente de las 10 de la ma\u00f1ana hizo que parara. Revis\u00e9 el expediente m\u00e9dico de un adorable ni\u00f1o de 2 a\u00f1os y medio. Su [&hellip;]","og_url":"https:\/\/mothertobaby.org\/es\/baby-blog\/cmv-durante-el-embarazo-y-la-perdida-del-sentido-del-oido-una-perspectiva-de-la-cabina-del-sonido\/","og_site_name":"MotherToBaby","article_published_time":"2016-10-11T00:00:00+00:00","og_image":[{"width":1920,"height":1280,"url":"https:\/\/mothertobaby.org\/wp-content\/uploads\/2020\/04\/cute-15719_1920.jpg","type":"image\/jpeg"}],"author":"Brian Van de Wetering","twitter_card":"summary_large_image","twitter_misc":{"Escrito por":"Brian Van de Wetering","Tiempo de lectura":"4 minutos"},"schema":{"@context":"https:\/\/schema.org","@graph":[{"@type":"Article","@id":"https:\/\/mothertobaby.org\/es\/baby-blog\/cmv-durante-el-embarazo-y-la-perdida-del-sentido-del-oido-una-perspectiva-de-la-cabina-del-sonido\/#article","isPartOf":{"@id":"https:\/\/mothertobaby.org\/es\/baby-blog\/cmv-durante-el-embarazo-y-la-perdida-del-sentido-del-oido-una-perspectiva-de-la-cabina-del-sonido\/"},"author":{"name":"Brian Van de Wetering","@id":"https:\/\/mothertobaby.org\/es\/#\/schema\/person\/12fc0f835f15e68352554fdb08e5b10e"},"headline":"CMV Durante el embarazo y la p\u00e9rdida del sentido del o\u00eddo: Una Perspectiva de la Cabina del Sonido","datePublished":"2016-10-11T00:00:00+00:00","dateModified":"2016-10-11T00:00:00+00:00","mainEntityOfPage":{"@id":"https:\/\/mothertobaby.org\/es\/baby-blog\/cmv-durante-el-embarazo-y-la-perdida-del-sentido-del-oido-una-perspectiva-de-la-cabina-del-sonido\/"},"wordCount":899,"commentCount":0,"publisher":{"@id":"https:\/\/mothertobaby.org\/es\/#organization"},"keywords":["guarder\u00eda"],"articleSection":["Infecciones y Vacunas","Sin categorizar"],"inLanguage":"es","potentialAction":[{"@type":"CommentAction","name":"Comment","target":["https:\/\/mothertobaby.org\/es\/baby-blog\/cmv-durante-el-embarazo-y-la-perdida-del-sentido-del-oido-una-perspectiva-de-la-cabina-del-sonido\/#respond"]}]},{"@type":"WebPage","@id":"https:\/\/mothertobaby.org\/es\/baby-blog\/cmv-durante-el-embarazo-y-la-perdida-del-sentido-del-oido-una-perspectiva-de-la-cabina-del-sonido\/","url":"https:\/\/mothertobaby.org\/es\/baby-blog\/cmv-durante-el-embarazo-y-la-perdida-del-sentido-del-oido-una-perspectiva-de-la-cabina-del-sonido\/","name":"CMV Durante el embarazo y la p\u00e9rdida del sentido del o\u00eddo: Una Perspectiva de la Cabina del Sonido - MotherToBaby","isPartOf":{"@id":"https:\/\/mothertobaby.org\/es\/#website"},"datePublished":"2016-10-11T00:00:00+00:00","dateModified":"2016-10-11T00:00:00+00:00","breadcrumb":{"@id":"https:\/\/mothertobaby.org\/es\/baby-blog\/cmv-durante-el-embarazo-y-la-perdida-del-sentido-del-oido-una-perspectiva-de-la-cabina-del-sonido\/#breadcrumb"},"inLanguage":"es","potentialAction":[{"@type":"ReadAction","target":["https:\/\/mothertobaby.org\/es\/baby-blog\/cmv-durante-el-embarazo-y-la-perdida-del-sentido-del-oido-una-perspectiva-de-la-cabina-del-sonido\/"]}]},{"@type":"BreadcrumbList","@id":"https:\/\/mothertobaby.org\/es\/baby-blog\/cmv-durante-el-embarazo-y-la-perdida-del-sentido-del-oido-una-perspectiva-de-la-cabina-del-sonido\/#breadcrumb","itemListElement":[{"@type":"ListItem","position":1,"name":"Home","item":"https:\/\/mothertobaby.org\/es\/"},{"@type":"ListItem","position":2,"name":"CMV Durante el embarazo y la p\u00e9rdida del sentido del o\u00eddo: Una Perspectiva de la Cabina del Sonido"}]},{"@type":"WebSite","@id":"https:\/\/mothertobaby.org\/es\/#website","url":"https:\/\/mothertobaby.org\/es\/","name":"MotherToBaby","description":"Medications and More during pregnancy and breastfeeding","publisher":{"@id":"https:\/\/mothertobaby.org\/es\/#organization"},"potentialAction":[{"@type":"SearchAction","target":{"@type":"EntryPoint","urlTemplate":"https:\/\/mothertobaby.org\/es\/?s={search_term_string}"},"query-input":"required name=search_term_string"}],"inLanguage":"es"},{"@type":"Organization","@id":"https:\/\/mothertobaby.org\/es\/#organization","name":"MotherToBaby","url":"https:\/\/mothertobaby.org\/es\/","logo":{"@type":"ImageObject","inLanguage":"es","@id":"https:\/\/mothertobaby.org\/es\/#\/schema\/logo\/image\/","url":"https:\/\/mothertobaby.org\/wp-content\/uploads\/2023\/06\/MTB-horz-copyright-sm-1.png","contentUrl":"https:\/\/mothertobaby.org\/wp-content\/uploads\/2023\/06\/MTB-horz-copyright-sm-1.png","width":284,"height":52,"caption":"MotherToBaby"},"image":{"@id":"https:\/\/mothertobaby.org\/es\/#\/schema\/logo\/image\/"}},{"@type":"Person","@id":"https:\/\/mothertobaby.org\/es\/#\/schema\/person\/12fc0f835f15e68352554fdb08e5b10e","name":"Brian Van de Wetering","image":{"@type":"ImageObject","inLanguage":"es","@id":"https:\/\/mothertobaby.org\/es\/#\/schema\/person\/image\/","url":"https:\/\/mothertobaby.org\/wp-content\/uploads\/2020\/05\/56201241_10219644037598220_812215845097832448_n-150x150.jpg","contentUrl":"https:\/\/mothertobaby.org\/wp-content\/uploads\/2020\/05\/56201241_10219644037598220_812215845097832448_n-150x150.jpg","caption":"Brian Van de Wetering"},"description":"is the Chief Technical Officer at Parallel Interactive. He joined the Parallel Interactive team with 15 years of experience as an Enterprise Development Technical Lead and Web Applications Architect for Epson America. Brian is the team MVP with all software architecture and integration strategies, cloud infrastructure strategies, ERP integration, payment card processing, eCommerce, PCI compliance, and secure web application development procedures.","url":"https:\/\/mothertobaby.org\/es\/baby-blog\/author\/bvandewetering\/"}]}},"featured_image_src":"https:\/\/mothertobaby.org\/wp-content\/uploads\/2020\/04\/cute-15719_1920.jpg","featured_image_src_square":"https:\/\/mothertobaby.org\/wp-content\/uploads\/2020\/04\/cute-15719_1920.jpg","author_info":{"display_name":"Brian Van de Wetering","author_link":"https:\/\/mothertobaby.org\/es\/baby-blog\/author\/bvandewetering\/"},"_links":{"self":[{"href":"https:\/\/mothertobaby.org\/es\/wp-json\/wp\/v2\/posts\/1489","targetHints":{"allow":["GET"]}}],"collection":[{"href":"https:\/\/mothertobaby.org\/es\/wp-json\/wp\/v2\/posts"}],"about":[{"href":"https:\/\/mothertobaby.org\/es\/wp-json\/wp\/v2\/types\/post"}],"author":[{"embeddable":true,"href":"https:\/\/mothertobaby.org\/es\/wp-json\/wp\/v2\/users\/208"}],"replies":[{"embeddable":true,"href":"https:\/\/mothertobaby.org\/es\/wp-json\/wp\/v2\/comments?post=1489"}],"version-history":[{"count":0,"href":"https:\/\/mothertobaby.org\/es\/wp-json\/wp\/v2\/posts\/1489\/revisions"}],"wp:featuredmedia":[{"embeddable":true,"href":"https:\/\/mothertobaby.org\/es\/wp-json\/wp\/v2\/media\/1314"}],"wp:attachment":[{"href":"https:\/\/mothertobaby.org\/es\/wp-json\/wp\/v2\/media?parent=1489"}],"wp:term":[{"taxonomy":"category","embeddable":true,"href":"https:\/\/mothertobaby.org\/es\/wp-json\/wp\/v2\/categories?post=1489"},{"taxonomy":"post_tag","embeddable":true,"href":"https:\/\/mothertobaby.org\/es\/wp-json\/wp\/v2\/tags?post=1489"},{"taxonomy":"related-content","embeddable":true,"href":"https:\/\/mothertobaby.org\/es\/wp-json\/wp\/v2\/related-content?post=1489"}],"curies":[{"name":"wp","href":"https:\/\/api.w.org\/{rel}","templated":true}]}}